{"id":518,"date":"2024-10-01T14:52:27","date_gmt":"2024-10-01T11:52:27","guid":{"rendered":"https:\/\/namaivisiems.lt\/dziaugsmo-ir-grozio-diena-senjorams-brandus-grozis-iniciatyva\/"},"modified":"2024-11-27T16:05:35","modified_gmt":"2024-11-27T14:05:35","slug":"dziaugsmo-ir-grozio-diena-senjorams-brandus-grozis-iniciatyva","status":"publish","type":"post","link":"https:\/\/namaivisiems.lt\/en\/dziaugsmo-ir-grozio-diena-senjorams-brandus-grozis-iniciatyva\/","title":{"rendered":"D\u017eiaugsmo ir gro\u017eio diena senjorams: \u201eBrandus gro\u017eis\u201c iniciatyva"},"content":{"rendered":"\n<p>\u0160iais metais Lietuvoje pirm\u0105 kart\u0105 minime Nacionalin\u0119 vyresnio am\u017eiaus \u017emoni\u0173 savait\u0119! Tarptautin\u0117s pagyvenusi\u0173 \u017emoni\u0173 dienos proga ,,Namai visiems\u201d komanda \u012fgyvendino gra\u017ei\u0105 iniciatyv\u0105 ,, Brandus gro\u017eis&#8221;- fotosesija vyresnio am\u017eiaus asmenims.\u00a0<\/p>\n\n<figure class=\"wp-block-image size-full\"><img decoding=\"async\" width=\"1024\" height=\"684\" src=\"https:\/\/namaivisiems.lt\/wp-content\/uploads\/2024\/10\/senjoru_diena001.jpg\" alt=\"\" class=\"wp-image-442\" srcset=\"https:\/\/namaivisiems.lt\/wp-content\/uploads\/2024\/10\/senjoru_diena001.jpg 1024w, https:\/\/namaivisiems.lt\/wp-content\/uploads\/2024\/10\/senjoru_diena001-300x200.jpg 300w, https:\/\/namaivisiems.lt\/wp-content\/uploads\/2024\/10\/senjoru_diena001-768x513.jpg 768w\" sizes=\"(max-width: 1024px) 100vw, 1024px\" \/><\/figure>\n\n<p><strong>\u201eBrandus gro\u017eis\u201c \u2013 daugiau nei renginys, tai jausmas, kad esi svarbus<\/strong><\/p>\n\n<p>Kas yra gro\u017eis? Kiekvienas galime tur\u0117ti sav\u0105 atsakym\u0105, ta\u010diau senjorai, dalyvav\u0119 iniciatyvoje \u201eBrandus gro\u017eis\u201c, \u017eino, kad tikrasis gro\u017eis slypi gyvenimo patirtyse, \u0161ilumoje ir \u0161irdyse, kurios plaka su meile. Rugs\u0117jo 17 dien\u0105 surengtas ypatingas renginys tapo ne tik \u0161vente, bet ir ma\u017eyte stebuklo akimirka, kai kiekvienas dalyvis gal\u0117jo pasijusti ypatingu. Tai diena, kai d\u0117mesio centre buvo ne tik i\u0161orinis gro\u017eis, bet ir visa tai, kas neapsakoma \u017eod\u017eiais \u2013 meil\u0117, r\u016bpestis, d\u017eiaugsmas.<\/p>\n\n<p><strong>Emocij\u0173 pripildyta diena: nuo \u0161ypsen\u0173 iki d\u017eiaugsmo a\u0161ar\u0173<\/strong><\/p>\n\n<p>T\u0105 dien\u0105 senjorai susirinko su \u0161ypsenomis veiduose, ta\u010diau daugelis ne\u012fsivaizdavo, kokia nuostabi patirtis j\u0173 laukia. Kiekvienas dalyvis buvo pasveikintas tarsi ypatingas sve\u010dias. Kartu su profesionalia fotografe Kristina Dovydaitiene, kirp\u0117jomis Vida, Au\u0161ra ir Diana ir visa\u017eiste Jurgita senjorai praleido laik\u0105, skirt\u0105 jiems \u2013 gro\u017eio proced\u016broms, asmenin\u0117ms fotosesijoms ir pokalbiams, kurie virto didele \u0161vente. Nuotraukos, kuriose jie buvo \u012fam\u017einti, tapo ne tik akimirkomis, bet ir \u012frodymais, kad senatv\u0117 yra brandus gro\u017eio etapas, kupinas i\u0161minties ir \u0161viesos.<\/p>\n\n<p><strong>\u201eMes nesame pamir\u0161ti\u201c \u2013 tai svarbiausia senjorams<\/strong><\/p>\n\n<figure class=\"wp-block-image size-full\"><img decoding=\"async\" width=\"1024\" height=\"684\" src=\"https:\/\/namaivisiems.lt\/wp-content\/uploads\/2024\/10\/senjoru_diena006.jpg\" alt=\"\" class=\"wp-image-444\" srcset=\"https:\/\/namaivisiems.lt\/wp-content\/uploads\/2024\/10\/senjoru_diena006.jpg 1024w, https:\/\/namaivisiems.lt\/wp-content\/uploads\/2024\/10\/senjoru_diena006-300x200.jpg 300w, https:\/\/namaivisiems.lt\/wp-content\/uploads\/2024\/10\/senjoru_diena006-768x513.jpg 768w\" sizes=\"(max-width: 1024px) 100vw, 1024px\" \/><\/figure>\n\n<p>\u0160vent\u0117 paliko gilius \u012fsp\u016bd\u017eius visiems dalyviams. Viena i\u0161 senjori\u0173, dalyvavusi\u0173 \u0161ioje gra\u017eioje iniciatyvoje, su jauduliu pasak\u0117: \u201eNuo\u0161ird\u017eiai d\u0117kojame, kad mes nesame pamir\u0161ti. Tai svarbiausia, k\u0105 mes jau\u010diame.\u201c \u0160ie \u017eod\u017eiai atspindi ne tik asmenin\u0119 patirt\u012f, bet ir daugelio vyresnio am\u017eiaus \u017emoni\u0173 kasdienyb\u0119 \u2013 jausm\u0105, kad jie dar yra svarb\u016bs, vertinami, mylimi. \u0160vent\u0117s metu senjorai jaut\u0117si tarsi gr\u012f\u017e\u0119 \u012f jaunyst\u0119 \u2013 jiems buvo skirta tiek daug d\u0117mesio, \u0161ypsen\u0173 ir \u0161ilumos, kad ne vienas dalyvis negal\u0117jo sulaikyti d\u017eiaugsmo a\u0161ar\u0173.<\/p>\n\n<p><strong>Dalyvi\u0173 \u0161ypsenos \u2013 did\u017eiausia pad\u0117ka<\/strong><\/p>\n\n<p>Renginio metu ne tik fotografai ir gro\u017eio specialistai, bet ir visi prisid\u0117j\u0119 \u017emon\u0117s jaut\u0117si ypatingai. J\u0173 pastangos atsipirko senjor\u0173 \u0161ypsenomis ir nuo\u0161ird\u017eiomis emocijomis. \u201eGera nuotaika, \u0161ypsena, jau\u010diam\u0117s tokios pakyl\u0117tos,\u201c \u2013 su jauduliu sak\u0117 viena i\u0161 dalyvi\u0173. \u0160ios akimirkos senjorams suteik\u0117 ne tik gro\u017e\u012f, bet ir stipr\u0173 jausm\u0105, kad jie yra svarb\u016bs. \u201eSvarbiausias momentas buvo, kad mus i\u0161puo\u0161\u0117,\u201c dalijosi kita dalyv\u0117, su \u0161ypsena prisimindama \u0161i\u0105 ypating\u0105 dien\u0105.<\/p>\n\n<figure class=\"wp-block-image size-large\"><img decoding=\"async\" width=\"684\" height=\"1024\" src=\"https:\/\/namaivisiems.lt\/wp-content\/uploads\/2024\/10\/senjoru_diena013-684x1024.jpg\" alt=\"\" class=\"wp-image-446\" srcset=\"https:\/\/namaivisiems.lt\/wp-content\/uploads\/2024\/10\/senjoru_diena013-684x1024.jpg 684w, https:\/\/namaivisiems.lt\/wp-content\/uploads\/2024\/10\/senjoru_diena013-200x300.jpg 200w, https:\/\/namaivisiems.lt\/wp-content\/uploads\/2024\/10\/senjoru_diena013-768x1151.jpg 768w, https:\/\/namaivisiems.lt\/wp-content\/uploads\/2024\/10\/senjoru_diena013.jpg 1024w\" sizes=\"(max-width: 684px) 100vw, 684px\" \/><\/figure>\n\n<p><strong>D\u0117kojame visiems, kurie prisid\u0117jo prie \u0161ios iniciatyvos \u012fgyvendinimo:<\/strong><\/p>\n\n<p>Fotografai, stilistai, kirp\u0117jai ir visa\u017eistai savanori\u0161kai prisid\u0117jo prie \u0161ios dienos gro\u017eio k\u016brimo, o asmeniniai asistentai, lyd\u0117j\u0119 senjorus, buvo j\u0173 palaikymas ir draugai viso renginio metu. Prie \u0161ventini\u0173 piet\u0173 prisid\u0117jo \u201eNamai visiems\u201c valgykla, o senjorus linksmino Giedrius \u017dilinskas, suk\u016br\u0119s jauki\u0105 atmosfer\u0105.<\/p>\n\n<p>\u0160i iniciatyva mums primena, kad gro\u017eis \u2013 tai ne tik i\u0161orin\u0117 i\u0161vaizda, bet ir gyvenimo pilnatv\u0117, \u0161irdies \u0161iluma ir r\u016bpestis vienas kitu. \u201eBrandus gro\u017eis\u201c \u2013 tai d\u017eiaugsmas, kur\u012f kiekvienas i\u0161 m\u016bs\u0173 gali patirti.<\/p>\n\n<figure class=\"wp-block-image size-large\"><img decoding=\"async\" width=\"684\" height=\"1024\" src=\"https:\/\/namaivisiems.lt\/wp-content\/uploads\/2024\/10\/senjoru_diena018-684x1024.jpg\" alt=\"\" class=\"wp-image-448\" srcset=\"https:\/\/namaivisiems.lt\/wp-content\/uploads\/2024\/10\/senjoru_diena018-684x1024.jpg 684w, https:\/\/namaivisiems.lt\/wp-content\/uploads\/2024\/10\/senjoru_diena018-200x300.jpg 200w, https:\/\/namaivisiems.lt\/wp-content\/uploads\/2024\/10\/senjoru_diena018-768x1151.jpg 768w, https:\/\/namaivisiems.lt\/wp-content\/uploads\/2024\/10\/senjoru_diena018.jpg 1024w\" sizes=\"(max-width: 684px) 100vw, 684px\" \/><\/figure>\n\n<figure class=\"wp-block-image size-large\"><img decoding=\"async\" width=\"684\" height=\"1024\" src=\"https:\/\/namaivisiems.lt\/wp-content\/uploads\/2024\/10\/senjoru_diena026-684x1024.jpg\" alt=\"\" class=\"wp-image-450\" srcset=\"https:\/\/namaivisiems.lt\/wp-content\/uploads\/2024\/10\/senjoru_diena026-684x1024.jpg 684w, https:\/\/namaivisiems.lt\/wp-content\/uploads\/2024\/10\/senjoru_diena026-200x300.jpg 200w, https:\/\/namaivisiems.lt\/wp-content\/uploads\/2024\/10\/senjoru_diena026-768x1151.jpg 768w, https:\/\/namaivisiems.lt\/wp-content\/uploads\/2024\/10\/senjoru_diena026.jpg 1024w\" sizes=\"(max-width: 684px) 100vw, 684px\" \/><\/figure>\n\n<figure class=\"wp-block-image size-large\"><img decoding=\"async\" width=\"684\" height=\"1024\" src=\"https:\/\/namaivisiems.lt\/wp-content\/uploads\/2024\/10\/senjoru_diena036-684x1024.jpg\" alt=\"\" class=\"wp-image-452\" srcset=\"https:\/\/namaivisiems.lt\/wp-content\/uploads\/2024\/10\/senjoru_diena036-684x1024.jpg 684w, https:\/\/namaivisiems.lt\/wp-content\/uploads\/2024\/10\/senjoru_diena036-200x300.jpg 200w, https:\/\/namaivisiems.lt\/wp-content\/uploads\/2024\/10\/senjoru_diena036-768x1151.jpg 768w, https:\/\/namaivisiems.lt\/wp-content\/uploads\/2024\/10\/senjoru_diena036.jpg 1024w\" sizes=\"(max-width: 684px) 100vw, 684px\" \/><\/figure>\n\n<p><\/p>\n\n<div class=\"wp-block-group\"><div class=\"wp-block-group__inner-container is-layout-constrained wp-block-group-is-layout-constrained\">\n<div class=\"wp-block-columns is-layout-flex wp-container-core-columns-is-layout-9d6595d7 wp-block-columns-is-layout-flex\">\n<div class=\"wp-block-column is-layout-flow wp-block-column-is-layout-flow\" style=\"flex-basis:100%\">\n<figure class=\"wp-block-gallery has-nested-images columns-default is-cropped wp-block-gallery-1 is-layout-flex wp-block-gallery-is-layout-flex\"><\/figure>\n<\/div>\n<\/div>\n<\/div><\/div>\n\n<p><\/p>\n\n<figure class=\"wp-block-image size-full\"><img decoding=\"async\" width=\"1024\" height=\"683\" src=\"https:\/\/namaivisiems.lt\/wp-content\/uploads\/2024\/10\/senjoru_diena060.jpg\" alt=\"\" class=\"wp-image-456\" srcset=\"https:\/\/namaivisiems.lt\/wp-content\/uploads\/2024\/10\/senjoru_diena060.jpg 1024w, https:\/\/namaivisiems.lt\/wp-content\/uploads\/2024\/10\/senjoru_diena060-300x200.jpg 300w, https:\/\/namaivisiems.lt\/wp-content\/uploads\/2024\/10\/senjoru_diena060-768x512.jpg 768w\" sizes=\"(max-width: 1024px) 100vw, 1024px\" \/><\/figure>\n","protected":false},"excerpt":{"rendered":"<p>\u0160iais metais Lietuvoje pirm\u0105 kart\u0105 minime Nacionalin\u0119 vyresnio am\u017eiaus \u017emoni\u0173 savait\u0119! Tarptautin\u0117s pagyvenusi\u0173 \u017emoni\u0173 dienos proga ,,Namai visiems\u201d komanda \u012fgyvendino gra\u017ei\u0105 iniciatyv\u0105 ,, Brandus gro\u017eis&#8221;- fotosesija vyresnio am\u017eiaus asmenims.\u00a0 \u201eBrandus gro\u017eis\u201c \u2013 daugiau nei renginys, tai jausmas, kad esi svarbus Kas yra gro\u017eis? Kiekvienas galime tur\u0117ti sav\u0105 atsakym\u0105, ta\u010diau senjorai, dalyvav\u0119 iniciatyvoje \u201eBrandus gro\u017eis\u201c, \u017eino, [&hellip;]<\/p>\n","protected":false},"author":3,"featured_media":0,"comment_status":"closed","ping_status":"closed","sticky":false,"template":"","format":"standard","meta":{"footnotes":""},"categories":[15],"tags":[],"class_list":["post-518","post","type-post","status-publish","format-standard","hentry","category-naujienos-en"],"yoast_head":"<!-- This site is optimized with the Yoast SEO plugin v27.4 - https:\/\/yoast.com\/product\/yoast-seo-wordpress\/ -->\n<title>D\u017eiaugsmo ir gro\u017eio diena senjorams: \u201eBrandus gro\u017eis\u201c iniciatyva - Namai visiems<\/title>\n<meta name=\"description\" content=\"Namai visiems \u010cia rasite naujienas apie m\u016bs\u0173 veikl\u0105, apdovanojimus, renginius bei labdaring\u0105 veikl\u0105.\" \/>\n<meta name=\"robots\" content=\"index, follow, max-snippet:-1, max-image-preview:large, max-video-preview:-1\" \/>\n<link rel=\"canonical\" href=\"https:\/\/namaivisiems.lt\/en\/dziaugsmo-ir-grozio-diena-senjorams-brandus-grozis-iniciatyva\/\" \/>\n<meta property=\"og:locale\" content=\"en_US\" \/>\n<meta property=\"og:type\" content=\"article\" \/>\n<meta property=\"og:title\" content=\"D\u017eiaugsmo ir gro\u017eio diena senjorams: \u201eBrandus gro\u017eis\u201c iniciatyva - Namai visiems\" \/>\n<meta property=\"og:description\" content=\"Namai visiems \u010cia rasite naujienas apie m\u016bs\u0173 veikl\u0105, apdovanojimus, renginius bei labdaring\u0105 veikl\u0105.\" \/>\n<meta property=\"og:url\" content=\"https:\/\/namaivisiems.lt\/en\/dziaugsmo-ir-grozio-diena-senjorams-brandus-grozis-iniciatyva\/\" \/>\n<meta property=\"og:site_name\" content=\"Namai visiems\" \/>\n<meta property=\"article:publisher\" content=\"https:\/\/www.facebook.com\/namaivisiems\/\" \/>\n<meta property=\"article:published_time\" content=\"2024-10-01T11:52:27+00:00\" \/>\n<meta property=\"article:modified_time\" content=\"2024-11-27T14:05:35+00:00\" \/>\n<meta property=\"og:image\" content=\"https:\/\/namaivisiems.lt\/wp-content\/uploads\/2024\/10\/senjoru_diena001.jpg\" \/>\n\t<meta property=\"og:image:width\" content=\"1024\" \/>\n\t<meta property=\"og:image:height\" content=\"684\" \/>\n\t<meta property=\"og:image:type\" content=\"image\/jpeg\" \/>\n<meta name=\"author\" content=\"Giedr\u0117 \u0160edbarien\u0117\" \/>\n<meta name=\"twitter:card\" content=\"summary_large_image\" \/>\n<meta name=\"twitter:label1\" content=\"Written by\" \/>\n\t<meta name=\"twitter:data1\" content=\"Giedr\u0117 \u0160edbarien\u0117\" \/>\n\t<meta name=\"twitter:label2\" content=\"Est. reading time\" \/>\n\t<meta name=\"twitter:data2\" content=\"2 minutes\" \/>\n<script type=\"application\/ld+json\" class=\"yoast-schema-graph\">{\"@context\":\"https:\\\/\\\/schema.org\",\"@graph\":[{\"@type\":\"Article\",\"@id\":\"https:\\\/\\\/namaivisiems.lt\\\/en\\\/dziaugsmo-ir-grozio-diena-senjorams-brandus-grozis-iniciatyva\\\/#article\",\"isPartOf\":{\"@id\":\"https:\\\/\\\/namaivisiems.lt\\\/en\\\/dziaugsmo-ir-grozio-diena-senjorams-brandus-grozis-iniciatyva\\\/\"},\"author\":{\"name\":\"Giedr\u0117 \u0160edbarien\u0117\",\"@id\":\"https:\\\/\\\/namaivisiems.lt\\\/#\\\/schema\\\/person\\\/bacb501488fa6ba6aa24188108b4af65\"},\"headline\":\"D\u017eiaugsmo ir gro\u017eio diena senjorams: \u201eBrandus gro\u017eis\u201c iniciatyva\",\"datePublished\":\"2024-10-01T11:52:27+00:00\",\"dateModified\":\"2024-11-27T14:05:35+00:00\",\"mainEntityOfPage\":{\"@id\":\"https:\\\/\\\/namaivisiems.lt\\\/en\\\/dziaugsmo-ir-grozio-diena-senjorams-brandus-grozis-iniciatyva\\\/\"},\"wordCount\":510,\"publisher\":{\"@id\":\"https:\\\/\\\/namaivisiems.lt\\\/#organization\"},\"image\":{\"@id\":\"https:\\\/\\\/namaivisiems.lt\\\/en\\\/dziaugsmo-ir-grozio-diena-senjorams-brandus-grozis-iniciatyva\\\/#primaryimage\"},\"thumbnailUrl\":\"https:\\\/\\\/namaivisiems.lt\\\/wp-content\\\/uploads\\\/2024\\\/10\\\/senjoru_diena001.jpg\",\"articleSection\":[\"Naujienos\"],\"inLanguage\":\"en-US\"},{\"@type\":\"WebPage\",\"@id\":\"https:\\\/\\\/namaivisiems.lt\\\/en\\\/dziaugsmo-ir-grozio-diena-senjorams-brandus-grozis-iniciatyva\\\/\",\"url\":\"https:\\\/\\\/namaivisiems.lt\\\/en\\\/dziaugsmo-ir-grozio-diena-senjorams-brandus-grozis-iniciatyva\\\/\",\"name\":\"D\u017eiaugsmo ir gro\u017eio diena senjorams: \u201eBrandus gro\u017eis\u201c iniciatyva - Namai visiems\",\"isPartOf\":{\"@id\":\"https:\\\/\\\/namaivisiems.lt\\\/#website\"},\"primaryImageOfPage\":{\"@id\":\"https:\\\/\\\/namaivisiems.lt\\\/en\\\/dziaugsmo-ir-grozio-diena-senjorams-brandus-grozis-iniciatyva\\\/#primaryimage\"},\"image\":{\"@id\":\"https:\\\/\\\/namaivisiems.lt\\\/en\\\/dziaugsmo-ir-grozio-diena-senjorams-brandus-grozis-iniciatyva\\\/#primaryimage\"},\"thumbnailUrl\":\"https:\\\/\\\/namaivisiems.lt\\\/wp-content\\\/uploads\\\/2024\\\/10\\\/senjoru_diena001.jpg\",\"datePublished\":\"2024-10-01T11:52:27+00:00\",\"dateModified\":\"2024-11-27T14:05:35+00:00\",\"description\":\"Namai visiems \u010cia rasite naujienas apie m\u016bs\u0173 veikl\u0105, apdovanojimus, renginius bei labdaring\u0105 veikl\u0105.\",\"breadcrumb\":{\"@id\":\"https:\\\/\\\/namaivisiems.lt\\\/en\\\/dziaugsmo-ir-grozio-diena-senjorams-brandus-grozis-iniciatyva\\\/#breadcrumb\"},\"inLanguage\":\"en-US\",\"potentialAction\":[{\"@type\":\"ReadAction\",\"target\":[\"https:\\\/\\\/namaivisiems.lt\\\/en\\\/dziaugsmo-ir-grozio-diena-senjorams-brandus-grozis-iniciatyva\\\/\"]}]},{\"@type\":\"ImageObject\",\"inLanguage\":\"en-US\",\"@id\":\"https:\\\/\\\/namaivisiems.lt\\\/en\\\/dziaugsmo-ir-grozio-diena-senjorams-brandus-grozis-iniciatyva\\\/#primaryimage\",\"url\":\"https:\\\/\\\/namaivisiems.lt\\\/wp-content\\\/uploads\\\/2024\\\/10\\\/senjoru_diena001.jpg\",\"contentUrl\":\"https:\\\/\\\/namaivisiems.lt\\\/wp-content\\\/uploads\\\/2024\\\/10\\\/senjoru_diena001.jpg\"},{\"@type\":\"BreadcrumbList\",\"@id\":\"https:\\\/\\\/namaivisiems.lt\\\/en\\\/dziaugsmo-ir-grozio-diena-senjorams-brandus-grozis-iniciatyva\\\/#breadcrumb\",\"itemListElement\":[{\"@type\":\"ListItem\",\"position\":1,\"name\":\"Pagrindinis\",\"item\":\"https:\\\/\\\/namaivisiems.lt\\\/\"},{\"@type\":\"ListItem\",\"position\":2,\"name\":\"D\u017eiaugsmo ir gro\u017eio diena senjorams: \u201eBrandus gro\u017eis\u201c iniciatyva\"}]},{\"@type\":\"WebSite\",\"@id\":\"https:\\\/\\\/namaivisiems.lt\\\/#website\",\"url\":\"https:\\\/\\\/namaivisiems.lt\\\/\",\"name\":\"Namai visiems\",\"description\":\"\u0160aki\u0173 bendruomen\u0117, kur socialin\u0117 pagalba ir savanoryst\u0117 randa viet\u0105 kiekvienam!\",\"publisher\":{\"@id\":\"https:\\\/\\\/namaivisiems.lt\\\/#organization\"},\"potentialAction\":[{\"@type\":\"SearchAction\",\"target\":{\"@type\":\"EntryPoint\",\"urlTemplate\":\"https:\\\/\\\/namaivisiems.lt\\\/?s={search_term_string}\"},\"query-input\":{\"@type\":\"PropertyValueSpecification\",\"valueRequired\":true,\"valueName\":\"search_term_string\"}}],\"inLanguage\":\"en-US\"},{\"@type\":\"Organization\",\"@id\":\"https:\\\/\\\/namaivisiems.lt\\\/#organization\",\"name\":\"Namai visiems\",\"url\":\"https:\\\/\\\/namaivisiems.lt\\\/\",\"logo\":{\"@type\":\"ImageObject\",\"inLanguage\":\"en-US\",\"@id\":\"https:\\\/\\\/namaivisiems.lt\\\/#\\\/schema\\\/logo\\\/image\\\/\",\"url\":\"https:\\\/\\\/namaivisiems.lt\\\/wp-content\\\/uploads\\\/2024\\\/08\\\/cropped-Favicoin.png\",\"contentUrl\":\"https:\\\/\\\/namaivisiems.lt\\\/wp-content\\\/uploads\\\/2024\\\/08\\\/cropped-Favicoin.png\",\"width\":512,\"height\":512,\"caption\":\"Namai visiems\"},\"image\":{\"@id\":\"https:\\\/\\\/namaivisiems.lt\\\/#\\\/schema\\\/logo\\\/image\\\/\"},\"sameAs\":[\"https:\\\/\\\/www.facebook.com\\\/namaivisiems\\\/\",\"https:\\\/\\\/www.instagram.com\\\/namai_visiems\\\/\"]},{\"@type\":\"Person\",\"@id\":\"https:\\\/\\\/namaivisiems.lt\\\/#\\\/schema\\\/person\\\/bacb501488fa6ba6aa24188108b4af65\",\"name\":\"Giedr\u0117 \u0160edbarien\u0117\",\"url\":\"https:\\\/\\\/namaivisiems.lt\\\/en\\\/author\\\/nv_gie_sed\\\/\"}]}<\/script>\n<!-- \/ Yoast SEO plugin. -->","yoast_head_json":{"title":"D\u017eiaugsmo ir gro\u017eio diena senjorams: \u201eBrandus gro\u017eis\u201c iniciatyva - Namai visiems","description":"Namai visiems \u010cia rasite naujienas apie m\u016bs\u0173 veikl\u0105, apdovanojimus, renginius bei labdaring\u0105 veikl\u0105.","robots":{"index":"index","follow":"follow","max-snippet":"max-snippet:-1","max-image-preview":"max-image-preview:large","max-video-preview":"max-video-preview:-1"},"canonical":"https:\/\/namaivisiems.lt\/en\/dziaugsmo-ir-grozio-diena-senjorams-brandus-grozis-iniciatyva\/","og_locale":"en_US","og_type":"article","og_title":"D\u017eiaugsmo ir gro\u017eio diena senjorams: \u201eBrandus gro\u017eis\u201c iniciatyva - Namai visiems","og_description":"Namai visiems \u010cia rasite naujienas apie m\u016bs\u0173 veikl\u0105, apdovanojimus, renginius bei labdaring\u0105 veikl\u0105.","og_url":"https:\/\/namaivisiems.lt\/en\/dziaugsmo-ir-grozio-diena-senjorams-brandus-grozis-iniciatyva\/","og_site_name":"Namai visiems","article_publisher":"https:\/\/www.facebook.com\/namaivisiems\/","article_published_time":"2024-10-01T11:52:27+00:00","article_modified_time":"2024-11-27T14:05:35+00:00","og_image":[{"width":1024,"height":684,"url":"https:\/\/namaivisiems.lt\/wp-content\/uploads\/2024\/10\/senjoru_diena001.jpg","type":"image\/jpeg"}],"author":"Giedr\u0117 \u0160edbarien\u0117","twitter_card":"summary_large_image","twitter_misc":{"Written by":"Giedr\u0117 \u0160edbarien\u0117","Est. reading time":"2 minutes"},"schema":{"@context":"https:\/\/schema.org","@graph":[{"@type":"Article","@id":"https:\/\/namaivisiems.lt\/en\/dziaugsmo-ir-grozio-diena-senjorams-brandus-grozis-iniciatyva\/#article","isPartOf":{"@id":"https:\/\/namaivisiems.lt\/en\/dziaugsmo-ir-grozio-diena-senjorams-brandus-grozis-iniciatyva\/"},"author":{"name":"Giedr\u0117 \u0160edbarien\u0117","@id":"https:\/\/namaivisiems.lt\/#\/schema\/person\/bacb501488fa6ba6aa24188108b4af65"},"headline":"D\u017eiaugsmo ir gro\u017eio diena senjorams: \u201eBrandus gro\u017eis\u201c iniciatyva","datePublished":"2024-10-01T11:52:27+00:00","dateModified":"2024-11-27T14:05:35+00:00","mainEntityOfPage":{"@id":"https:\/\/namaivisiems.lt\/en\/dziaugsmo-ir-grozio-diena-senjorams-brandus-grozis-iniciatyva\/"},"wordCount":510,"publisher":{"@id":"https:\/\/namaivisiems.lt\/#organization"},"image":{"@id":"https:\/\/namaivisiems.lt\/en\/dziaugsmo-ir-grozio-diena-senjorams-brandus-grozis-iniciatyva\/#primaryimage"},"thumbnailUrl":"https:\/\/namaivisiems.lt\/wp-content\/uploads\/2024\/10\/senjoru_diena001.jpg","articleSection":["Naujienos"],"inLanguage":"en-US"},{"@type":"WebPage","@id":"https:\/\/namaivisiems.lt\/en\/dziaugsmo-ir-grozio-diena-senjorams-brandus-grozis-iniciatyva\/","url":"https:\/\/namaivisiems.lt\/en\/dziaugsmo-ir-grozio-diena-senjorams-brandus-grozis-iniciatyva\/","name":"D\u017eiaugsmo ir gro\u017eio diena senjorams: \u201eBrandus gro\u017eis\u201c iniciatyva - Namai visiems","isPartOf":{"@id":"https:\/\/namaivisiems.lt\/#website"},"primaryImageOfPage":{"@id":"https:\/\/namaivisiems.lt\/en\/dziaugsmo-ir-grozio-diena-senjorams-brandus-grozis-iniciatyva\/#primaryimage"},"image":{"@id":"https:\/\/namaivisiems.lt\/en\/dziaugsmo-ir-grozio-diena-senjorams-brandus-grozis-iniciatyva\/#primaryimage"},"thumbnailUrl":"https:\/\/namaivisiems.lt\/wp-content\/uploads\/2024\/10\/senjoru_diena001.jpg","datePublished":"2024-10-01T11:52:27+00:00","dateModified":"2024-11-27T14:05:35+00:00","description":"Namai visiems \u010cia rasite naujienas apie m\u016bs\u0173 veikl\u0105, apdovanojimus, renginius bei labdaring\u0105 veikl\u0105.","breadcrumb":{"@id":"https:\/\/namaivisiems.lt\/en\/dziaugsmo-ir-grozio-diena-senjorams-brandus-grozis-iniciatyva\/#breadcrumb"},"inLanguage":"en-US","potentialAction":[{"@type":"ReadAction","target":["https:\/\/namaivisiems.lt\/en\/dziaugsmo-ir-grozio-diena-senjorams-brandus-grozis-iniciatyva\/"]}]},{"@type":"ImageObject","inLanguage":"en-US","@id":"https:\/\/namaivisiems.lt\/en\/dziaugsmo-ir-grozio-diena-senjorams-brandus-grozis-iniciatyva\/#primaryimage","url":"https:\/\/namaivisiems.lt\/wp-content\/uploads\/2024\/10\/senjoru_diena001.jpg","contentUrl":"https:\/\/namaivisiems.lt\/wp-content\/uploads\/2024\/10\/senjoru_diena001.jpg"},{"@type":"BreadcrumbList","@id":"https:\/\/namaivisiems.lt\/en\/dziaugsmo-ir-grozio-diena-senjorams-brandus-grozis-iniciatyva\/#breadcrumb","itemListElement":[{"@type":"ListItem","position":1,"name":"Pagrindinis","item":"https:\/\/namaivisiems.lt\/"},{"@type":"ListItem","position":2,"name":"D\u017eiaugsmo ir gro\u017eio diena senjorams: \u201eBrandus gro\u017eis\u201c iniciatyva"}]},{"@type":"WebSite","@id":"https:\/\/namaivisiems.lt\/#website","url":"https:\/\/namaivisiems.lt\/","name":"Namai visiems","description":"\u0160aki\u0173 bendruomen\u0117, kur socialin\u0117 pagalba ir savanoryst\u0117 randa viet\u0105 kiekvienam!","publisher":{"@id":"https:\/\/namaivisiems.lt\/#organization"},"potentialAction":[{"@type":"SearchAction","target":{"@type":"EntryPoint","urlTemplate":"https:\/\/namaivisiems.lt\/?s={search_term_string}"},"query-input":{"@type":"PropertyValueSpecification","valueRequired":true,"valueName":"search_term_string"}}],"inLanguage":"en-US"},{"@type":"Organization","@id":"https:\/\/namaivisiems.lt\/#organization","name":"Namai visiems","url":"https:\/\/namaivisiems.lt\/","logo":{"@type":"ImageObject","inLanguage":"en-US","@id":"https:\/\/namaivisiems.lt\/#\/schema\/logo\/image\/","url":"https:\/\/namaivisiems.lt\/wp-content\/uploads\/2024\/08\/cropped-Favicoin.png","contentUrl":"https:\/\/namaivisiems.lt\/wp-content\/uploads\/2024\/08\/cropped-Favicoin.png","width":512,"height":512,"caption":"Namai visiems"},"image":{"@id":"https:\/\/namaivisiems.lt\/#\/schema\/logo\/image\/"},"sameAs":["https:\/\/www.facebook.com\/namaivisiems\/","https:\/\/www.instagram.com\/namai_visiems\/"]},{"@type":"Person","@id":"https:\/\/namaivisiems.lt\/#\/schema\/person\/bacb501488fa6ba6aa24188108b4af65","name":"Giedr\u0117 \u0160edbarien\u0117","url":"https:\/\/namaivisiems.lt\/en\/author\/nv_gie_sed\/"}]}},"_links":{"self":[{"href":"https:\/\/namaivisiems.lt\/en\/wp-json\/wp\/v2\/posts\/518","targetHints":{"allow":["GET"]}}],"collection":[{"href":"https:\/\/namaivisiems.lt\/en\/wp-json\/wp\/v2\/posts"}],"about":[{"href":"https:\/\/namaivisiems.lt\/en\/wp-json\/wp\/v2\/types\/post"}],"author":[{"embeddable":true,"href":"https:\/\/namaivisiems.lt\/en\/wp-json\/wp\/v2\/users\/3"}],"replies":[{"embeddable":true,"href":"https:\/\/namaivisiems.lt\/en\/wp-json\/wp\/v2\/comments?post=518"}],"version-history":[{"count":1,"href":"https:\/\/namaivisiems.lt\/en\/wp-json\/wp\/v2\/posts\/518\/revisions"}],"predecessor-version":[{"id":519,"href":"https:\/\/namaivisiems.lt\/en\/wp-json\/wp\/v2\/posts\/518\/revisions\/519"}],"wp:attachment":[{"href":"https:\/\/namaivisiems.lt\/en\/wp-json\/wp\/v2\/media?parent=518"}],"wp:term":[{"taxonomy":"category","embeddable":true,"href":"https:\/\/namaivisiems.lt\/en\/wp-json\/wp\/v2\/categories?post=518"},{"taxonomy":"post_tag","embeddable":true,"href":"https:\/\/namaivisiems.lt\/en\/wp-json\/wp\/v2\/tags?post=518"}],"curies":[{"name":"wp","href":"https:\/\/api.w.org\/{rel}","templated":true}]}}